{"id":190,"date":"2016-10-31T18:40:40","date_gmt":"2016-10-31T16:40:40","guid":{"rendered":"http:\/\/atelierhaus-theresienstrasse.de\/wordpress\/?p=190"},"modified":"2017-07-06T18:39:01","modified_gmt":"2017-07-06T16:39:01","slug":"weihnachtsausstellung-2016","status":"publish","type":"post","link":"https:\/\/atelierhaus-theresienstrasse.de\/wordpress\/?p=190","title":{"rendered":"Weihnachtsausstellung 2016"},"content":{"rendered":"<h2>2.12. &#8211;\u00a04.12. 2016<\/h2>\n<p>&nbsp;<\/p>\n<p>Fr \u00a0| 17 &#8211; 21 Uhr \u00a0 \u00a0 \u00a0Sa\u00a0\u00a0| 12 &#8211; 20 Uhr \u00a0 \u00a0 \u00a0So\u00a0\u00a0| 12 &#8211; 19 Uhr<\/p>\n<p>&nbsp;<\/p>\n<p>mit den K\u00fcnstlern des Atelierhauses und G\u00e4sten<\/p>\n<p>&nbsp;<\/p>\n<p>Kerstin Becker | Silberger\u00e4t<\/p>\n<p>Barbara Butz | Keramik<\/p>\n<p>Christian Dro\u00dfbach | St\u00fchle<\/p>\n<p>Hans und Maria Fischer | Keramik<\/p>\n<p>Maika Reimann\u00a0| Atelieraufl\u00f6sung mit Flohmarktcharakter<\/p>\n<p>Bettina v. Reiswitz | Leder<\/p>\n<p>Regine Schafarschik | Schmuck und Aquarelle<\/p>\n<p>Andrea Schmidt\u00a0\u00a0| Kerzen<\/p>\n<p>Mario Steigerwald\u00a0\u00a0| momentos suspendidos<\/p>\n<p>Karin Traxler\u00a0\u00a0| Papier<\/p>\n<p>Herbert Stolz\u00a0|\u00a0M\u00fcnchen-Kalender<\/p>\n<p>Maja Vogl\u00a0\u00a0| Weberei<\/p>\n<p>Richard Vogl\u00a0\u00a0| Bilder<\/p>\n<div><\/div>\n","protected":false},"excerpt":{"rendered":"<p>2.12. &#8211;\u00a04.12. 2016 &nbsp; Fr \u00a0| 17 &#8211; 21 Uhr \u00a0 \u00a0 \u00a0Sa\u00a0\u00a0| 12 &#8211; 20 Uhr \u00a0 \u00a0 \u00a0So\u00a0\u00a0| 12 &#8211; 19 Uhr &nbsp; mit den K\u00fcnstlern des Atelierhauses und G\u00e4sten &nbsp; Kerstin Becker | Silberger\u00e4t Barbara Butz | Keramik Christian Dro\u00dfbach | St\u00fchle Hans und Maria Fischer | Keramik Maika Reimann\u00a0| Atelieraufl\u00f6sung mit [&hellip;]<\/p>\n","protected":false},"author":3,"featured_media":0,"comment_status":"closed","ping_status":"open","sticky":false,"template":"","format":"standard","meta":{"footnotes":""},"categories":[4],"tags":[],"class_list":["post-190","post","type-post","status-publish","format-standard","hentry","category-archiv"],"yoast_head":"<!-- This site is optimized with the Yoast SEO plugin v27.5 - https:\/\/yoast.com\/product\/yoast-seo-wordpress\/ -->\n<title>Weihnachtsausstellung 2016 - Atelierhaus Theresienstra\u00dfe 65<\/title>\n<meta name=\"robots\" content=\"noindex, follow, max-snippet:-1, max-image-preview:large, max-video-preview:-1\" \/>\n<meta property=\"og:locale\" content=\"de_DE\" \/>\n<meta property=\"og:type\" content=\"article\" \/>\n<meta property=\"og:title\" content=\"Weihnachtsausstellung 2016 - Atelierhaus Theresienstra\u00dfe 65\" \/>\n<meta property=\"og:description\" content=\"2.12. &#8211;\u00a04.12. 2016 &nbsp; Fr \u00a0| 17 &#8211; 21 Uhr \u00a0 \u00a0 \u00a0Sa\u00a0\u00a0| 12 &#8211; 20 Uhr \u00a0 \u00a0 \u00a0So\u00a0\u00a0| 12 &#8211; 19 Uhr &nbsp; mit den K\u00fcnstlern des Atelierhauses und G\u00e4sten &nbsp; Kerstin Becker | Silberger\u00e4t Barbara Butz | Keramik Christian Dro\u00dfbach | St\u00fchle Hans und Maria Fischer | Keramik Maika Reimann\u00a0| Atelieraufl\u00f6sung mit [&hellip;]\" \/>\n<meta property=\"og:url\" content=\"https:\/\/atelierhaus-theresienstrasse.de\/wordpress\/?p=190\" \/>\n<meta property=\"og:site_name\" content=\"Atelierhaus Theresienstra\u00dfe 65\" \/>\n<meta property=\"article:published_time\" content=\"2016-10-31T16:40:40+00:00\" \/>\n<meta property=\"article:modified_time\" content=\"2017-07-06T16:39:01+00:00\" \/>\n<meta name=\"author\" content=\"maja\" \/>\n<meta name=\"twitter:card\" content=\"summary_large_image\" \/>\n<meta name=\"twitter:label1\" content=\"Verfasst von\" \/>\n\t<meta name=\"twitter:data1\" content=\"maja\" \/>\n<script type=\"application\/ld+json\" class=\"yoast-schema-graph\">{\"@context\":\"https:\\\/\\\/schema.org\",\"@graph\":[{\"@type\":\"Article\",\"@id\":\"https:\\\/\\\/atelierhaus-theresienstrasse.de\\\/wordpress\\\/?p=190#article\",\"isPartOf\":{\"@id\":\"https:\\\/\\\/atelierhaus-theresienstrasse.de\\\/wordpress\\\/?p=190\"},\"author\":{\"name\":\"maja\",\"@id\":\"https:\\\/\\\/atelierhaus-theresienstrasse.de\\\/wordpress\\\/#\\\/schema\\\/person\\\/865337bb07d2745e540712376707bcb0\"},\"headline\":\"Weihnachtsausstellung 2016\",\"datePublished\":\"2016-10-31T16:40:40+00:00\",\"dateModified\":\"2017-07-06T16:39:01+00:00\",\"mainEntityOfPage\":{\"@id\":\"https:\\\/\\\/atelierhaus-theresienstrasse.de\\\/wordpress\\\/?p=190\"},\"wordCount\":75,\"articleSection\":[\"archiv\"],\"inLanguage\":\"de\"},{\"@type\":\"WebPage\",\"@id\":\"https:\\\/\\\/atelierhaus-theresienstrasse.de\\\/wordpress\\\/?p=190\",\"url\":\"https:\\\/\\\/atelierhaus-theresienstrasse.de\\\/wordpress\\\/?p=190\",\"name\":\"Weihnachtsausstellung 2016 - Atelierhaus Theresienstra\u00dfe 65\",\"isPartOf\":{\"@id\":\"https:\\\/\\\/atelierhaus-theresienstrasse.de\\\/wordpress\\\/#website\"},\"datePublished\":\"2016-10-31T16:40:40+00:00\",\"dateModified\":\"2017-07-06T16:39:01+00:00\",\"author\":{\"@id\":\"https:\\\/\\\/atelierhaus-theresienstrasse.de\\\/wordpress\\\/#\\\/schema\\\/person\\\/865337bb07d2745e540712376707bcb0\"},\"breadcrumb\":{\"@id\":\"https:\\\/\\\/atelierhaus-theresienstrasse.de\\\/wordpress\\\/?p=190#breadcrumb\"},\"inLanguage\":\"de\",\"potentialAction\":[{\"@type\":\"ReadAction\",\"target\":[\"https:\\\/\\\/atelierhaus-theresienstrasse.de\\\/wordpress\\\/?p=190\"]}]},{\"@type\":\"BreadcrumbList\",\"@id\":\"https:\\\/\\\/atelierhaus-theresienstrasse.de\\\/wordpress\\\/?p=190#breadcrumb\",\"itemListElement\":[{\"@type\":\"ListItem\",\"position\":1,\"name\":\"Startseite\",\"item\":\"https:\\\/\\\/atelierhaus-theresienstrasse.de\\\/wordpress\"},{\"@type\":\"ListItem\",\"position\":2,\"name\":\"Weihnachtsausstellung 2016\"}]},{\"@type\":\"WebSite\",\"@id\":\"https:\\\/\\\/atelierhaus-theresienstrasse.de\\\/wordpress\\\/#website\",\"url\":\"https:\\\/\\\/atelierhaus-theresienstrasse.de\\\/wordpress\\\/\",\"name\":\"Atelierhaus Theresienstra\u00dfe 65\",\"description\":\"M\u00fcnchen | U2 Theresienstrasse\",\"potentialAction\":[{\"@type\":\"SearchAction\",\"target\":{\"@type\":\"EntryPoint\",\"urlTemplate\":\"https:\\\/\\\/atelierhaus-theresienstrasse.de\\\/wordpress\\\/?s={search_term_string}\"},\"query-input\":{\"@type\":\"PropertyValueSpecification\",\"valueRequired\":true,\"valueName\":\"search_term_string\"}}],\"inLanguage\":\"de\"},{\"@type\":\"Person\",\"@id\":\"https:\\\/\\\/atelierhaus-theresienstrasse.de\\\/wordpress\\\/#\\\/schema\\\/person\\\/865337bb07d2745e540712376707bcb0\",\"name\":\"maja\",\"image\":{\"@type\":\"ImageObject\",\"inLanguage\":\"de\",\"@id\":\"https:\\\/\\\/secure.gravatar.com\\\/avatar\\\/3eb1515f94f42ba63bc97c0d0faf82a1e819b217e6e9329c1dfeb781bd4e115d?s=96&d=mm&r=g\",\"url\":\"https:\\\/\\\/secure.gravatar.com\\\/avatar\\\/3eb1515f94f42ba63bc97c0d0faf82a1e819b217e6e9329c1dfeb781bd4e115d?s=96&d=mm&r=g\",\"contentUrl\":\"https:\\\/\\\/secure.gravatar.com\\\/avatar\\\/3eb1515f94f42ba63bc97c0d0faf82a1e819b217e6e9329c1dfeb781bd4e115d?s=96&d=mm&r=g\",\"caption\":\"maja\"},\"url\":\"https:\\\/\\\/atelierhaus-theresienstrasse.de\\\/wordpress\\\/?author=3\"}]}<\/script>\n<!-- \/ Yoast SEO plugin. -->","yoast_head_json":{"title":"Weihnachtsausstellung 2016 - Atelierhaus Theresienstra\u00dfe 65","robots":{"index":"noindex","follow":"follow","max-snippet":"max-snippet:-1","max-image-preview":"max-image-preview:large","max-video-preview":"max-video-preview:-1"},"og_locale":"de_DE","og_type":"article","og_title":"Weihnachtsausstellung 2016 - Atelierhaus Theresienstra\u00dfe 65","og_description":"2.12. &#8211;\u00a04.12. 2016 &nbsp; Fr \u00a0| 17 &#8211; 21 Uhr \u00a0 \u00a0 \u00a0Sa\u00a0\u00a0| 12 &#8211; 20 Uhr \u00a0 \u00a0 \u00a0So\u00a0\u00a0| 12 &#8211; 19 Uhr &nbsp; mit den K\u00fcnstlern des Atelierhauses und G\u00e4sten &nbsp; Kerstin Becker | Silberger\u00e4t Barbara Butz | Keramik Christian Dro\u00dfbach | St\u00fchle Hans und Maria Fischer | Keramik Maika Reimann\u00a0| Atelieraufl\u00f6sung mit [&hellip;]","og_url":"https:\/\/atelierhaus-theresienstrasse.de\/wordpress\/?p=190","og_site_name":"Atelierhaus Theresienstra\u00dfe 65","article_published_time":"2016-10-31T16:40:40+00:00","article_modified_time":"2017-07-06T16:39:01+00:00","author":"maja","twitter_card":"summary_large_image","twitter_misc":{"Verfasst von":"maja"},"schema":{"@context":"https:\/\/schema.org","@graph":[{"@type":"Article","@id":"https:\/\/atelierhaus-theresienstrasse.de\/wordpress\/?p=190#article","isPartOf":{"@id":"https:\/\/atelierhaus-theresienstrasse.de\/wordpress\/?p=190"},"author":{"name":"maja","@id":"https:\/\/atelierhaus-theresienstrasse.de\/wordpress\/#\/schema\/person\/865337bb07d2745e540712376707bcb0"},"headline":"Weihnachtsausstellung 2016","datePublished":"2016-10-31T16:40:40+00:00","dateModified":"2017-07-06T16:39:01+00:00","mainEntityOfPage":{"@id":"https:\/\/atelierhaus-theresienstrasse.de\/wordpress\/?p=190"},"wordCount":75,"articleSection":["archiv"],"inLanguage":"de"},{"@type":"WebPage","@id":"https:\/\/atelierhaus-theresienstrasse.de\/wordpress\/?p=190","url":"https:\/\/atelierhaus-theresienstrasse.de\/wordpress\/?p=190","name":"Weihnachtsausstellung 2016 - Atelierhaus Theresienstra\u00dfe 65","isPartOf":{"@id":"https:\/\/atelierhaus-theresienstrasse.de\/wordpress\/#website"},"datePublished":"2016-10-31T16:40:40+00:00","dateModified":"2017-07-06T16:39:01+00:00","author":{"@id":"https:\/\/atelierhaus-theresienstrasse.de\/wordpress\/#\/schema\/person\/865337bb07d2745e540712376707bcb0"},"breadcrumb":{"@id":"https:\/\/atelierhaus-theresienstrasse.de\/wordpress\/?p=190#breadcrumb"},"inLanguage":"de","potentialAction":[{"@type":"ReadAction","target":["https:\/\/atelierhaus-theresienstrasse.de\/wordpress\/?p=190"]}]},{"@type":"BreadcrumbList","@id":"https:\/\/atelierhaus-theresienstrasse.de\/wordpress\/?p=190#breadcrumb","itemListElement":[{"@type":"ListItem","position":1,"name":"Startseite","item":"https:\/\/atelierhaus-theresienstrasse.de\/wordpress"},{"@type":"ListItem","position":2,"name":"Weihnachtsausstellung 2016"}]},{"@type":"WebSite","@id":"https:\/\/atelierhaus-theresienstrasse.de\/wordpress\/#website","url":"https:\/\/atelierhaus-theresienstrasse.de\/wordpress\/","name":"Atelierhaus Theresienstra\u00dfe 65","description":"M\u00fcnchen | U2 Theresienstrasse","potentialAction":[{"@type":"SearchAction","target":{"@type":"EntryPoint","urlTemplate":"https:\/\/atelierhaus-theresienstrasse.de\/wordpress\/?s={search_term_string}"},"query-input":{"@type":"PropertyValueSpecification","valueRequired":true,"valueName":"search_term_string"}}],"inLanguage":"de"},{"@type":"Person","@id":"https:\/\/atelierhaus-theresienstrasse.de\/wordpress\/#\/schema\/person\/865337bb07d2745e540712376707bcb0","name":"maja","image":{"@type":"ImageObject","inLanguage":"de","@id":"https:\/\/secure.gravatar.com\/avatar\/3eb1515f94f42ba63bc97c0d0faf82a1e819b217e6e9329c1dfeb781bd4e115d?s=96&d=mm&r=g","url":"https:\/\/secure.gravatar.com\/avatar\/3eb1515f94f42ba63bc97c0d0faf82a1e819b217e6e9329c1dfeb781bd4e115d?s=96&d=mm&r=g","contentUrl":"https:\/\/secure.gravatar.com\/avatar\/3eb1515f94f42ba63bc97c0d0faf82a1e819b217e6e9329c1dfeb781bd4e115d?s=96&d=mm&r=g","caption":"maja"},"url":"https:\/\/atelierhaus-theresienstrasse.de\/wordpress\/?author=3"}]}},"_links":{"self":[{"href":"https:\/\/atelierhaus-theresienstrasse.de\/wordpress\/index.php?rest_route=\/wp\/v2\/posts\/190","targetHints":{"allow":["GET"]}}],"collection":[{"href":"https:\/\/atelierhaus-theresienstrasse.de\/wordpress\/index.php?rest_route=\/wp\/v2\/posts"}],"about":[{"href":"https:\/\/atelierhaus-theresienstrasse.de\/wordpress\/index.php?rest_route=\/wp\/v2\/types\/post"}],"author":[{"embeddable":true,"href":"https:\/\/atelierhaus-theresienstrasse.de\/wordpress\/index.php?rest_route=\/wp\/v2\/users\/3"}],"replies":[{"embeddable":true,"href":"https:\/\/atelierhaus-theresienstrasse.de\/wordpress\/index.php?rest_route=%2Fwp%2Fv2%2Fcomments&post=190"}],"version-history":[{"count":5,"href":"https:\/\/atelierhaus-theresienstrasse.de\/wordpress\/index.php?rest_route=\/wp\/v2\/posts\/190\/revisions"}],"predecessor-version":[{"id":197,"href":"https:\/\/atelierhaus-theresienstrasse.de\/wordpress\/index.php?rest_route=\/wp\/v2\/posts\/190\/revisions\/197"}],"wp:attachment":[{"href":"https:\/\/atelierhaus-theresienstrasse.de\/wordpress\/index.php?rest_route=%2Fwp%2Fv2%2Fmedia&parent=190"}],"wp:term":[{"taxonomy":"category","embeddable":true,"href":"https:\/\/atelierhaus-theresienstrasse.de\/wordpress\/index.php?rest_route=%2Fwp%2Fv2%2Fcategories&post=190"},{"taxonomy":"post_tag","embeddable":true,"href":"https:\/\/atelierhaus-theresienstrasse.de\/wordpress\/index.php?rest_route=%2Fwp%2Fv2%2Ftags&post=190"}],"curies":[{"name":"wp","href":"https:\/\/api.w.org\/{rel}","templated":true}]}}