{"id":385,"date":"2020-11-18T18:05:14","date_gmt":"2020-11-18T16:05:14","guid":{"rendered":"http:\/\/atelierhaus-theresienstrasse.de\/wordpress\/?p=385"},"modified":"2021-11-15T10:34:06","modified_gmt":"2021-11-15T08:34:06","slug":"weihnachtsausstellung-2020","status":"publish","type":"post","link":"https:\/\/atelierhaus-theresienstrasse.de\/wordpress\/?p=385","title":{"rendered":"Weihnachtsausstellung 2020"},"content":{"rendered":"\n<h2 class=\"wp-block-heading\"><br \/><\/h2>\n\n\n\n<p><br \/><\/p>\n\n\n\n<p><\/p>\n\n\n\n<p>Samstag, 12.12., sowie Freitag, 18.12. und Samstag, 19.12.<\/p>\n\n\n\n<p>hat die Werkstatt von Bettina v. Reiswitz<\/p>\n\n\n\n<p>jeweils von 13 Uhr bis 20 Uhr ge\u00f6ffnet<\/p>\n\n\n\n<p><\/p>\n\n\n\n<p><br \/><\/p>\n\n\n\n<p style=\"color:#a37f00\" class=\"has-text-color has-medium-font-size\"><strong>Absage<\/strong><\/p>\n\n\n\n<p>Liebe Freunde des Atelierhauses,<\/p>\n\n\n\n<p>leider mu\u00df unsere gemeinsame Ausstellung zur Adventszeit in diesem Jahr aus bekannten Gr\u00fcnden ausfallen.<br \/>Bei Bedarf ( Weihnachtsgeschenke, Auftr\u00e4ge\u2026) k\u00f6nnen Sie sich aber auch direkt bei den K\u00fcnstlern melden um einen individuellen Termin zu vereinbaren.<\/p>\n\n\n\n<div style=\"height:16px\" aria-hidden=\"true\" class=\"wp-block-spacer\"><\/div>\n\n\n\n<p>Barbara Butz &nbsp; \u202d08041 75425\u202c &nbsp; &nbsp;<a class=\"\" href=\"mailto:barbara@butz-glas.de\">barbara@butz-glas.de<\/a><br \/><\/p>\n\n\n\n<p>Christian Drossbach &nbsp;0176 24814856 &nbsp;&nbsp;<a class=\"\" href=\"mailto:christiandrossbach@gmail.com\">christiandrossbach@gmail.com<\/a><br \/><\/p>\n\n\n\n<p>Maria und Hans Fischer &nbsp;&nbsp;\u202d0851 37384\u202c &nbsp;&nbsp;<a class=\"\" href=\"mailto:keramik.h.fischer@t-online.de\">keramik.h.fischer@t-online.de<\/a><br \/><\/p>\n\n\n\n<p>Bettina v. Reiswitz &nbsp;&nbsp;089 5232366\u202c &nbsp;&nbsp;<a class=\"\" href=\"mailto:bettinavonreiswitz@t-online.de\">bettinavonreiswitz@t-online.de<\/a><br \/><\/p>\n\n\n\n<p>Regine Schafarschik &nbsp; &nbsp;089 529324 &nbsp;&nbsp;<a class=\"\" href=\"mailto:regine@schafarschik.de\">regine@schafarschik.de<\/a><br \/><\/p>\n\n\n\n<p>Karin Traxler &nbsp;  &nbsp;089 521877 &nbsp; &nbsp;<a class=\"\" href=\"mailto:info@vierwerkstaetten.de\">info@vierwerkstaetten.de<\/a><br \/><\/p>\n\n\n\n<p>Maja und Richard Vogl &nbsp; 09407 90649 &nbsp;&nbsp;<a class=\"\" href=\"mailto:mail@majavogl.de\">mail@majavogl.de<\/a><\/p>\n\n\n\n<p><\/p>\n","protected":false},"excerpt":{"rendered":"<p>Samstag, 12.12., sowie Freitag, 18.12. und Samstag, 19.12. hat die Werkstatt von Bettina v. Reiswitz jeweils von 13 Uhr bis 20 Uhr ge\u00f6ffnet Absage Liebe Freunde des Atelierhauses, leider mu\u00df unsere gemeinsame Ausstellung zur Adventszeit in diesem Jahr aus bekannten Gr\u00fcnden ausfallen.Bei Bedarf ( Weihnachtsgeschenke, Auftr\u00e4ge\u2026) k\u00f6nnen Sie sich aber auch direkt bei den K\u00fcnstlern [&hellip;]<\/p>\n","protected":false},"author":3,"featured_media":0,"comment_status":"closed","ping_status":"open","sticky":false,"template":"","format":"standard","meta":{"footnotes":""},"categories":[4],"tags":[],"class_list":["post-385","post","type-post","status-publish","format-standard","hentry","category-archiv"],"yoast_head":"<!-- This site is optimized with the Yoast SEO plugin v27.5 - https:\/\/yoast.com\/product\/yoast-seo-wordpress\/ -->\n<title>Weihnachtsausstellung 2020 - Atelierhaus Theresienstra\u00dfe 65<\/title>\n<meta name=\"robots\" content=\"noindex, follow, max-snippet:-1, max-image-preview:large, max-video-preview:-1\" \/>\n<meta property=\"og:locale\" content=\"de_DE\" \/>\n<meta property=\"og:type\" content=\"article\" \/>\n<meta property=\"og:title\" content=\"Weihnachtsausstellung 2020 - Atelierhaus Theresienstra\u00dfe 65\" \/>\n<meta property=\"og:description\" content=\"Samstag, 12.12., sowie Freitag, 18.12. und Samstag, 19.12. hat die Werkstatt von Bettina v. Reiswitz jeweils von 13 Uhr bis 20 Uhr ge\u00f6ffnet Absage Liebe Freunde des Atelierhauses, leider mu\u00df unsere gemeinsame Ausstellung zur Adventszeit in diesem Jahr aus bekannten Gr\u00fcnden ausfallen.Bei Bedarf ( Weihnachtsgeschenke, Auftr\u00e4ge\u2026) k\u00f6nnen Sie sich aber auch direkt bei den K\u00fcnstlern [&hellip;]\" \/>\n<meta property=\"og:url\" content=\"https:\/\/atelierhaus-theresienstrasse.de\/wordpress\/?p=385\" \/>\n<meta property=\"og:site_name\" content=\"Atelierhaus Theresienstra\u00dfe 65\" \/>\n<meta property=\"article:published_time\" content=\"2020-11-18T16:05:14+00:00\" \/>\n<meta property=\"article:modified_time\" content=\"2021-11-15T08:34:06+00:00\" \/>\n<meta name=\"author\" content=\"maja\" \/>\n<meta name=\"twitter:card\" content=\"summary_large_image\" \/>\n<meta name=\"twitter:label1\" content=\"Verfasst von\" \/>\n\t<meta name=\"twitter:data1\" content=\"maja\" \/>\n\t<meta name=\"twitter:label2\" content=\"Gesch\u00e4tzte Lesezeit\" \/>\n\t<meta name=\"twitter:data2\" content=\"1\u00a0Minute\" \/>\n<script type=\"application\/ld+json\" class=\"yoast-schema-graph\">{\"@context\":\"https:\\\/\\\/schema.org\",\"@graph\":[{\"@type\":\"Article\",\"@id\":\"https:\\\/\\\/atelierhaus-theresienstrasse.de\\\/wordpress\\\/?p=385#article\",\"isPartOf\":{\"@id\":\"https:\\\/\\\/atelierhaus-theresienstrasse.de\\\/wordpress\\\/?p=385\"},\"author\":{\"name\":\"maja\",\"@id\":\"https:\\\/\\\/atelierhaus-theresienstrasse.de\\\/wordpress\\\/#\\\/schema\\\/person\\\/865337bb07d2745e540712376707bcb0\"},\"headline\":\"Weihnachtsausstellung 2020\",\"datePublished\":\"2020-11-18T16:05:14+00:00\",\"dateModified\":\"2021-11-15T08:34:06+00:00\",\"mainEntityOfPage\":{\"@id\":\"https:\\\/\\\/atelierhaus-theresienstrasse.de\\\/wordpress\\\/?p=385\"},\"wordCount\":130,\"articleSection\":[\"archiv\"],\"inLanguage\":\"de\"},{\"@type\":\"WebPage\",\"@id\":\"https:\\\/\\\/atelierhaus-theresienstrasse.de\\\/wordpress\\\/?p=385\",\"url\":\"https:\\\/\\\/atelierhaus-theresienstrasse.de\\\/wordpress\\\/?p=385\",\"name\":\"Weihnachtsausstellung 2020 - Atelierhaus Theresienstra\u00dfe 65\",\"isPartOf\":{\"@id\":\"https:\\\/\\\/atelierhaus-theresienstrasse.de\\\/wordpress\\\/#website\"},\"datePublished\":\"2020-11-18T16:05:14+00:00\",\"dateModified\":\"2021-11-15T08:34:06+00:00\",\"author\":{\"@id\":\"https:\\\/\\\/atelierhaus-theresienstrasse.de\\\/wordpress\\\/#\\\/schema\\\/person\\\/865337bb07d2745e540712376707bcb0\"},\"breadcrumb\":{\"@id\":\"https:\\\/\\\/atelierhaus-theresienstrasse.de\\\/wordpress\\\/?p=385#breadcrumb\"},\"inLanguage\":\"de\",\"potentialAction\":[{\"@type\":\"ReadAction\",\"target\":[\"https:\\\/\\\/atelierhaus-theresienstrasse.de\\\/wordpress\\\/?p=385\"]}]},{\"@type\":\"BreadcrumbList\",\"@id\":\"https:\\\/\\\/atelierhaus-theresienstrasse.de\\\/wordpress\\\/?p=385#breadcrumb\",\"itemListElement\":[{\"@type\":\"ListItem\",\"position\":1,\"name\":\"Startseite\",\"item\":\"https:\\\/\\\/atelierhaus-theresienstrasse.de\\\/wordpress\"},{\"@type\":\"ListItem\",\"position\":2,\"name\":\"Weihnachtsausstellung 2020\"}]},{\"@type\":\"WebSite\",\"@id\":\"https:\\\/\\\/atelierhaus-theresienstrasse.de\\\/wordpress\\\/#website\",\"url\":\"https:\\\/\\\/atelierhaus-theresienstrasse.de\\\/wordpress\\\/\",\"name\":\"Atelierhaus Theresienstra\u00dfe 65\",\"description\":\"M\u00fcnchen | U2 Theresienstrasse\",\"potentialAction\":[{\"@type\":\"SearchAction\",\"target\":{\"@type\":\"EntryPoint\",\"urlTemplate\":\"https:\\\/\\\/atelierhaus-theresienstrasse.de\\\/wordpress\\\/?s={search_term_string}\"},\"query-input\":{\"@type\":\"PropertyValueSpecification\",\"valueRequired\":true,\"valueName\":\"search_term_string\"}}],\"inLanguage\":\"de\"},{\"@type\":\"Person\",\"@id\":\"https:\\\/\\\/atelierhaus-theresienstrasse.de\\\/wordpress\\\/#\\\/schema\\\/person\\\/865337bb07d2745e540712376707bcb0\",\"name\":\"maja\",\"image\":{\"@type\":\"ImageObject\",\"inLanguage\":\"de\",\"@id\":\"https:\\\/\\\/secure.gravatar.com\\\/avatar\\\/3eb1515f94f42ba63bc97c0d0faf82a1e819b217e6e9329c1dfeb781bd4e115d?s=96&d=mm&r=g\",\"url\":\"https:\\\/\\\/secure.gravatar.com\\\/avatar\\\/3eb1515f94f42ba63bc97c0d0faf82a1e819b217e6e9329c1dfeb781bd4e115d?s=96&d=mm&r=g\",\"contentUrl\":\"https:\\\/\\\/secure.gravatar.com\\\/avatar\\\/3eb1515f94f42ba63bc97c0d0faf82a1e819b217e6e9329c1dfeb781bd4e115d?s=96&d=mm&r=g\",\"caption\":\"maja\"},\"url\":\"https:\\\/\\\/atelierhaus-theresienstrasse.de\\\/wordpress\\\/?author=3\"}]}<\/script>\n<!-- \/ Yoast SEO plugin. -->","yoast_head_json":{"title":"Weihnachtsausstellung 2020 - Atelierhaus Theresienstra\u00dfe 65","robots":{"index":"noindex","follow":"follow","max-snippet":"max-snippet:-1","max-image-preview":"max-image-preview:large","max-video-preview":"max-video-preview:-1"},"og_locale":"de_DE","og_type":"article","og_title":"Weihnachtsausstellung 2020 - Atelierhaus Theresienstra\u00dfe 65","og_description":"Samstag, 12.12., sowie Freitag, 18.12. und Samstag, 19.12. hat die Werkstatt von Bettina v. Reiswitz jeweils von 13 Uhr bis 20 Uhr ge\u00f6ffnet Absage Liebe Freunde des Atelierhauses, leider mu\u00df unsere gemeinsame Ausstellung zur Adventszeit in diesem Jahr aus bekannten Gr\u00fcnden ausfallen.Bei Bedarf ( Weihnachtsgeschenke, Auftr\u00e4ge\u2026) k\u00f6nnen Sie sich aber auch direkt bei den K\u00fcnstlern [&hellip;]","og_url":"https:\/\/atelierhaus-theresienstrasse.de\/wordpress\/?p=385","og_site_name":"Atelierhaus Theresienstra\u00dfe 65","article_published_time":"2020-11-18T16:05:14+00:00","article_modified_time":"2021-11-15T08:34:06+00:00","author":"maja","twitter_card":"summary_large_image","twitter_misc":{"Verfasst von":"maja","Gesch\u00e4tzte Lesezeit":"1\u00a0Minute"},"schema":{"@context":"https:\/\/schema.org","@graph":[{"@type":"Article","@id":"https:\/\/atelierhaus-theresienstrasse.de\/wordpress\/?p=385#article","isPartOf":{"@id":"https:\/\/atelierhaus-theresienstrasse.de\/wordpress\/?p=385"},"author":{"name":"maja","@id":"https:\/\/atelierhaus-theresienstrasse.de\/wordpress\/#\/schema\/person\/865337bb07d2745e540712376707bcb0"},"headline":"Weihnachtsausstellung 2020","datePublished":"2020-11-18T16:05:14+00:00","dateModified":"2021-11-15T08:34:06+00:00","mainEntityOfPage":{"@id":"https:\/\/atelierhaus-theresienstrasse.de\/wordpress\/?p=385"},"wordCount":130,"articleSection":["archiv"],"inLanguage":"de"},{"@type":"WebPage","@id":"https:\/\/atelierhaus-theresienstrasse.de\/wordpress\/?p=385","url":"https:\/\/atelierhaus-theresienstrasse.de\/wordpress\/?p=385","name":"Weihnachtsausstellung 2020 - Atelierhaus Theresienstra\u00dfe 65","isPartOf":{"@id":"https:\/\/atelierhaus-theresienstrasse.de\/wordpress\/#website"},"datePublished":"2020-11-18T16:05:14+00:00","dateModified":"2021-11-15T08:34:06+00:00","author":{"@id":"https:\/\/atelierhaus-theresienstrasse.de\/wordpress\/#\/schema\/person\/865337bb07d2745e540712376707bcb0"},"breadcrumb":{"@id":"https:\/\/atelierhaus-theresienstrasse.de\/wordpress\/?p=385#breadcrumb"},"inLanguage":"de","potentialAction":[{"@type":"ReadAction","target":["https:\/\/atelierhaus-theresienstrasse.de\/wordpress\/?p=385"]}]},{"@type":"BreadcrumbList","@id":"https:\/\/atelierhaus-theresienstrasse.de\/wordpress\/?p=385#breadcrumb","itemListElement":[{"@type":"ListItem","position":1,"name":"Startseite","item":"https:\/\/atelierhaus-theresienstrasse.de\/wordpress"},{"@type":"ListItem","position":2,"name":"Weihnachtsausstellung 2020"}]},{"@type":"WebSite","@id":"https:\/\/atelierhaus-theresienstrasse.de\/wordpress\/#website","url":"https:\/\/atelierhaus-theresienstrasse.de\/wordpress\/","name":"Atelierhaus Theresienstra\u00dfe 65","description":"M\u00fcnchen | U2 Theresienstrasse","potentialAction":[{"@type":"SearchAction","target":{"@type":"EntryPoint","urlTemplate":"https:\/\/atelierhaus-theresienstrasse.de\/wordpress\/?s={search_term_string}"},"query-input":{"@type":"PropertyValueSpecification","valueRequired":true,"valueName":"search_term_string"}}],"inLanguage":"de"},{"@type":"Person","@id":"https:\/\/atelierhaus-theresienstrasse.de\/wordpress\/#\/schema\/person\/865337bb07d2745e540712376707bcb0","name":"maja","image":{"@type":"ImageObject","inLanguage":"de","@id":"https:\/\/secure.gravatar.com\/avatar\/3eb1515f94f42ba63bc97c0d0faf82a1e819b217e6e9329c1dfeb781bd4e115d?s=96&d=mm&r=g","url":"https:\/\/secure.gravatar.com\/avatar\/3eb1515f94f42ba63bc97c0d0faf82a1e819b217e6e9329c1dfeb781bd4e115d?s=96&d=mm&r=g","contentUrl":"https:\/\/secure.gravatar.com\/avatar\/3eb1515f94f42ba63bc97c0d0faf82a1e819b217e6e9329c1dfeb781bd4e115d?s=96&d=mm&r=g","caption":"maja"},"url":"https:\/\/atelierhaus-theresienstrasse.de\/wordpress\/?author=3"}]}},"_links":{"self":[{"href":"https:\/\/atelierhaus-theresienstrasse.de\/wordpress\/index.php?rest_route=\/wp\/v2\/posts\/385","targetHints":{"allow":["GET"]}}],"collection":[{"href":"https:\/\/atelierhaus-theresienstrasse.de\/wordpress\/index.php?rest_route=\/wp\/v2\/posts"}],"about":[{"href":"https:\/\/atelierhaus-theresienstrasse.de\/wordpress\/index.php?rest_route=\/wp\/v2\/types\/post"}],"author":[{"embeddable":true,"href":"https:\/\/atelierhaus-theresienstrasse.de\/wordpress\/index.php?rest_route=\/wp\/v2\/users\/3"}],"replies":[{"embeddable":true,"href":"https:\/\/atelierhaus-theresienstrasse.de\/wordpress\/index.php?rest_route=%2Fwp%2Fv2%2Fcomments&post=385"}],"version-history":[{"count":13,"href":"https:\/\/atelierhaus-theresienstrasse.de\/wordpress\/index.php?rest_route=\/wp\/v2\/posts\/385\/revisions"}],"predecessor-version":[{"id":406,"href":"https:\/\/atelierhaus-theresienstrasse.de\/wordpress\/index.php?rest_route=\/wp\/v2\/posts\/385\/revisions\/406"}],"wp:attachment":[{"href":"https:\/\/atelierhaus-theresienstrasse.de\/wordpress\/index.php?rest_route=%2Fwp%2Fv2%2Fmedia&parent=385"}],"wp:term":[{"taxonomy":"category","embeddable":true,"href":"https:\/\/atelierhaus-theresienstrasse.de\/wordpress\/index.php?rest_route=%2Fwp%2Fv2%2Fcategories&post=385"},{"taxonomy":"post_tag","embeddable":true,"href":"https:\/\/atelierhaus-theresienstrasse.de\/wordpress\/index.php?rest_route=%2Fwp%2Fv2%2Ftags&post=385"}],"curies":[{"name":"wp","href":"https:\/\/api.w.org\/{rel}","templated":true}]}}